{"id":97,"date":"2026-08-26T15:57:49","date_gmt":"2026-08-26T15:57:49","guid":{"rendered":"https:\/\/eduqfacil.com.br\/blog\/?p=97"},"modified":"2026-08-26T16:21:50","modified_gmt":"2026-08-26T16:21:50","slug":"alfabetizacao-na-idade-certa-e-ideb-resultados-desafios-e-garantia-de-direitos","status":"publish","type":"post","link":"https:\/\/eduqfacil.com.br\/blog\/2026\/08\/26\/alfabetizacao-na-idade-certa-e-ideb-resultados-desafios-e-garantia-de-direitos\/","title":{"rendered":"Alfabetiza\u00e7\u00e3o na Idade Certa e Ideb: resultados, desafios e garantia de direitos"},"content":{"rendered":"\n<p class=\"has-medium-font-size wp-block-paragraph\">Se voc\u00ea atua na gest\u00e3o de uma escola, de uma rede de ensino ou de uma Secretaria de Educa\u00e7\u00e3o, provavelmente j\u00e1 experimentou o movimento que acompanha a divulga\u00e7\u00e3o dos resultados do \u00cdndice de Desenvolvimento da Educa\u00e7\u00e3o B\u00e1sica (Ideb): n\u00fameros que ganham destaque, compara\u00e7\u00f5es entre munic\u00edpios e escolas, comemora\u00e7\u00f5es diante de avan\u00e7os, cobran\u00e7as diante de quedas e uma sucess\u00e3o de an\u00e1lises que, muitas vezes, reduz a complexidade da educa\u00e7\u00e3o a uma \u00fanica medida. O <a href=\"https:\/\/www.gov.br\/inep\/pt-br\/areas-de-atuacao\/pesquisas-estatisticas-e-indicadores\/ideb\" data-type=\"link\" data-id=\"https:\/\/www.gov.br\/inep\/pt-br\/areas-de-atuacao\/pesquisas-estatisticas-e-indicadores\/ideb\" target=\"_blank\" rel=\"noopener\">Ideb<\/a>, entretanto, n\u00e3o foi concebido para ser um \u201cor\u00e1culo\u201d da qualidade educacional. Ele articula dois componentes relevantes \u2014 o fluxo escolar e o desempenho dos educandos nas avalia\u00e7\u00f5es do Saeb \u2014 e justamente por isso pode oferecer informa\u00e7\u00f5es importantes para o planejamento e a tomada de decis\u00f5es. O desafio est\u00e1 em compreender seus limites e, sobretudo, em n\u00e3o confundir um indicador sint\u00e9tico com a pr\u00f3pria realidade educacional.<\/p>\n\n\n\n<p class=\"has-medium-font-size wp-block-paragraph\">A pergunta que deveria anteceder qualquer comemora\u00e7\u00e3o ou qualquer cobran\u00e7a, portanto, n\u00e3o \u00e9 apenas <strong>\u201cqual foi o Ideb?\u201d<\/strong>, mas <strong>\u201co que esse resultado nos permite compreender sobre a aprendizagem dos educandos e sobre as condi\u00e7\u00f5es em que ela acontece?\u201d<\/strong>. Essa mudan\u00e7a de pergunta altera profundamente a maneira como gestores e equipes pedag\u00f3gicas se relacionam com os dados. O resultado deixa de ser apenas uma nota a ser divulgada e passa a constituir uma evid\u00eancia a ser interpretada, confrontada com outras evid\u00eancias e transformada em decis\u00e3o pedag\u00f3gica. \u00c9 nessa perspectiva que discutir Ideb implica discutir alfabetiza\u00e7\u00e3o, curr\u00edculo, avalia\u00e7\u00e3o, equidade e, em \u00faltima inst\u00e2ncia, o compromisso p\u00fablico com a garantia do direito de aprender.<\/p>\n\n\n\n<h2 class=\"wp-block-heading has-text-color has-link-color wp-elements-1\" style=\"color:#1d3557\"><strong>Alfabetizar na idade certa \u00e9 garantir um direito<\/strong><\/h2>\n\n\n\n<p class=\"has-medium-font-size wp-block-paragraph\">A alfabetiza\u00e7\u00e3o ocupa um lugar estrat\u00e9gico na trajet\u00f3ria escolar porque o dom\u00ednio da leitura e da escrita n\u00e3o constitui apenas mais uma aprendizagem entre tantas outras. Trata-se de uma condi\u00e7\u00e3o fundamental para a continuidade do percurso educativo e para a participa\u00e7\u00e3o aut\u00f4noma da crian\u00e7a em uma sociedade profundamente organizada pela cultura escrita. Quando uma crian\u00e7a n\u00e3o consolida aprendizagens essenciais nos primeiros anos do Ensino Fundamental, as consequ\u00eancias n\u00e3o se restringem ao componente curricular de L\u00edngua Portuguesa: elas podem repercutir sobre sua capacidade de acessar conhecimentos nas diferentes \u00e1reas, interpretar informa\u00e7\u00f5es, resolver problemas, comunicar-se e participar de situa\u00e7\u00f5es cada vez mais complexas de aprendizagem.<\/p>\n\n\n\n<p class=\"has-medium-font-size wp-block-paragraph\">Por isso, falar em <a href=\"https:\/\/www.instagram.com\/p\/Dai-WXSjzmF\/?img_index=1\" data-type=\"link\" data-id=\"https:\/\/www.instagram.com\/p\/Dai-WXSjzmF\/?img_index=1\" target=\"_blank\" rel=\"noopener\">Alfabetiza\u00e7\u00e3o na Idade Certa<\/a> n\u00e3o deveria significar defender uma corrida contra o tempo ou transformar os primeiros anos escolares em uma prepara\u00e7\u00e3o antecipada para avalia\u00e7\u00f5es externas. Significa reconhecer que existe uma responsabilidade pedag\u00f3gica, institucional e pol\u00edtica de assegurar que todas as crian\u00e7as tenham condi\u00e7\u00f5es de se apropriar da leitura e da escrita no per\u00edodo em que essa aprendizagem assume car\u00e1ter estruturante para sua escolariza\u00e7\u00e3o. A discuss\u00e3o, portanto, n\u00e3o \u00e9 simplesmente sobre idade; \u00e9 sobre <strong>equidade, oportunidade e direito \u00e0 aprendizagem<\/strong>.<\/p>\n\n\n\n<p class=\"has-medium-font-size wp-block-paragraph\">Essa compreens\u00e3o exige, ainda, superar uma concep\u00e7\u00e3o restrita de alfabetiza\u00e7\u00e3o. Alfabetizar n\u00e3o \u00e9 apenas ensinar o sistema de escrita alfab\u00e9tica, embora a apropria\u00e7\u00e3o desse sistema seja indispens\u00e1vel. A alfabetiza\u00e7\u00e3o precisa acontecer em di\u00e1logo permanente com o <strong>letramento<\/strong>, compreendido como a inser\u00e7\u00e3o da crian\u00e7a nas pr\u00e1ticas sociais de leitura e escrita. \u00c9 preciso aprender a ler e escrever e, simultaneamente, aprender a utilizar a linguagem escrita para produzir sentidos, compreender diferentes g\u00eaneros e situa\u00e7\u00f5es comunicativas, buscar informa\u00e7\u00f5es, apreciar textos, expressar ideias, posicionar-se e participar da vida social. A crian\u00e7a n\u00e3o precisa primeiro \u201cterminar\u201d a alfabetiza\u00e7\u00e3o para depois entrar em contato com o mundo letrado; ela se alfabetiza justamente em uma cultura na qual a escrita circula, produz sentidos e cumpre diferentes fun\u00e7\u00f5es sociais.<\/p>\n\n\n\n<p class=\"has-medium-font-size wp-block-paragraph\">\u00c9 nessa perspectiva que alfabetizar significa muito mais do que preparar educandos para uma avalia\u00e7\u00e3o. Significa ampliar possibilidades de participa\u00e7\u00e3o, autonomia e constru\u00e7\u00e3o de conhecimento. Uma crian\u00e7a que aprende a ler n\u00e3o conquista apenas uma habilidade escolar; conquista novas possibilidades de acessar o mundo. E uma pol\u00edtica de alfabetiza\u00e7\u00e3o comprometida com a equidade precisa partir dessa premissa: <strong>n\u00e3o basta elevar m\u00e9dias; \u00e9 necess\u00e1rio garantir que cada crian\u00e7a tenha efetivamente a oportunidade de aprender<\/strong>.<\/p>\n\n\n\n<h2 class=\"wp-block-heading has-text-color has-link-color wp-elements-2\" style=\"color:#1d3557\"><strong>Avaliar para acompanhar, compreender e intervir<\/strong><\/h2>\n\n\n\n<p class=\"has-medium-font-size wp-block-paragraph\">Se a alfabetiza\u00e7\u00e3o \u00e9 um direito, n\u00e3o podemos esperar uma avalia\u00e7\u00e3o externa realizada em larga escala para descobrir que parte das crian\u00e7as n\u00e3o est\u00e1 aprendendo. A avalia\u00e7\u00e3o educacional precisa acompanhar o processo, produzindo informa\u00e7\u00f5es ao longo do percurso e permitindo que professores e equipes gestoras identifiquem avan\u00e7os, dificuldades, hip\u00f3teses, lacunas e necessidades de interven\u00e7\u00e3o enquanto ainda h\u00e1 tempo pedag\u00f3gico para agir.<\/p>\n\n\n\n<p class=\"has-medium-font-size wp-block-paragraph\">Essa concep\u00e7\u00e3o desloca a avalia\u00e7\u00e3o de uma fun\u00e7\u00e3o predominantemente classificat\u00f3ria para uma perspectiva <strong>diagn\u00f3stica e formativa<\/strong>. Avaliar passa a significar produzir evid\u00eancias sobre o processo de aprendizagem para orientar decis\u00f5es sobre o ensino. Na alfabetiza\u00e7\u00e3o, isso implica acompanhar n\u00e3o apenas o resultado final de uma produ\u00e7\u00e3o, mas os processos que revelam como a crian\u00e7a est\u00e1 pensando sobre a escrita, como l\u00ea, que estrat\u00e9gias utiliza, que rela\u00e7\u00f5es estabelece entre oralidade e escrita, como compreende textos e quais habilidades j\u00e1 consegue mobilizar autonomamente.<\/p>\n\n\n\n<p class=\"has-medium-font-size wp-block-paragraph\">A avalia\u00e7\u00e3o, portanto, deixa de responder apenas \u00e0 pergunta <strong>\u201cquem aprendeu?\u201d<\/strong> e passa a sustentar perguntas pedagogicamente mais potentes: <strong>o que este educando j\u00e1 sabe? O que ainda n\u00e3o consolidou? Que hip\u00f3tese ou estrat\u00e9gia est\u00e1 mobilizando? Qual habilidade apresenta maior fragilidade? Que interven\u00e7\u00e3o pode favorecer seu avan\u00e7o? Como saberemos se a interven\u00e7\u00e3o produziu efeito?<\/strong><\/p>\n\n\n\n<p class=\"has-medium-font-size wp-block-paragraph\">Essa l\u00f3gica exige uma cultura institucional de acompanhamento. N\u00e3o se trata de produzir cada vez mais avalia\u00e7\u00f5es, mas de qualificar o uso das informa\u00e7\u00f5es produzidas. Uma escola pode acumular planilhas, gr\u00e1ficos e percentuais e, ainda assim, n\u00e3o possuir uma cultura de avalia\u00e7\u00e3o capaz de produzir aprendizagem. O dado somente adquire valor pedag\u00f3gico quando \u00e9 interpretado e utilizado para tomar decis\u00f5es.<\/p>\n\n\n\n<p class=\"has-medium-font-size wp-block-paragraph\">\u00c9 nesse ponto que a lideran\u00e7a pedag\u00f3gica da gest\u00e3o escolar e da coordena\u00e7\u00e3o assume papel decisivo: <strong>organizar o olhar coletivo sobre a aprendizagem<\/strong>. O trabalho da equipe gestora n\u00e3o se limita a receber os resultados; consiste em criar condi\u00e7\u00f5es para que os professores compreendam os dados, identifiquem prioridades, planejem interven\u00e7\u00f5es, acompanhem seus efeitos e revisem suas estrat\u00e9gias quando necess\u00e1rio.<\/p>\n\n\n\n<h2 class=\"wp-block-heading\"><strong><mark style=\"background-color:rgba(0, 0, 0, 0);color:#1d3557\" class=\"has-inline-color\">O curr\u00edculo mudou, mas n\u00e3o significa que o conhecimento perdeu import\u00e2ncia<\/mark><\/strong><\/h2>\n\n\n\n<p class=\"has-medium-font-size wp-block-paragraph\">Essa discuss\u00e3o se articula diretamente a outra transforma\u00e7\u00e3o importante na educa\u00e7\u00e3o brasileira: a organiza\u00e7\u00e3o curricular orientada pelo desenvolvimento de <strong>compet\u00eancias e habilidades<\/strong>.<\/p>\n\n\n\n<p class=\"has-medium-font-size wp-block-paragraph\">A incorpora\u00e7\u00e3o dessa perspectiva, especialmente com a BNCC, n\u00e3o deve ser interpretada de maneira simplista como uma passagem de um curr\u00edculo \u201cde conte\u00fados\u201d para um curr\u00edculo \u201csem conte\u00fados\u201d. O conhecimento continua sendo condi\u00e7\u00e3o indispens\u00e1vel para o desenvolvimento das aprendizagens. O que se modifica \u00e9 a compreens\u00e3o sobre aquilo que significa <strong>aprender<\/strong> e sobre o que o educando deve ser capaz de fazer com aquilo que aprende.<\/p>\n\n\n\n<p class=\"has-medium-font-size wp-block-paragraph\">Uma compet\u00eancia pressup\u00f5e mobiliza\u00e7\u00e3o de conhecimentos, habilidades, atitudes e valores para responder a situa\u00e7\u00f5es complexas. Uma habilidade, por sua vez, explicita uma capacidade que se espera que o educando desenvolva e mobilize em determinado contexto. O foco, portanto, n\u00e3o est\u00e1 somente na aquisi\u00e7\u00e3o de informa\u00e7\u00f5es, mas na possibilidade de utiliz\u00e1-las, articul\u00e1-las, interpret\u00e1-las e mobiliz\u00e1-las diante de diferentes situa\u00e7\u00f5es.<\/p>\n\n\n\n<p class=\"has-medium-font-size wp-block-paragraph\">Essa mudan\u00e7a tem implica\u00e7\u00f5es profundas para o curr\u00edculo, para o planejamento e para a avalia\u00e7\u00e3o. Se o ensino permanece organizado exclusivamente pela transmiss\u00e3o de conte\u00fados descontextualizados, enquanto a avalia\u00e7\u00e3o procura identificar a capacidade do educando de mobilizar conhecimentos, interpretar informa\u00e7\u00f5es, estabelecer rela\u00e7\u00f5es e resolver problemas, cria-se uma ruptura entre aquilo que se ensina e aquilo que se espera que o educando seja capaz de realizar.<\/p>\n\n\n\n<p class=\"has-medium-font-size wp-block-paragraph\">\u00c9 nesse contexto que compreender o Saeb se torna fundamental.<\/p>\n\n\n\n<h2 class=\"wp-block-heading\"><mark style=\"background-color:rgba(0, 0, 0, 0);color:#1d3557\" class=\"has-inline-color\"><strong>O que<\/strong> <strong>o Saeb avalia?<\/strong><\/mark><\/h2>\n\n\n\n<p class=\"has-medium-font-size wp-block-paragraph\">Existe uma confus\u00e3o recorrente nas redes de ensino: tratar a matriz de refer\u00eancia do Saeb como se ela fosse o pr\u00f3prio curr\u00edculo. <strong>N\u00e3o \u00e9.<\/strong><\/p>\n\n\n\n<p class=\"has-medium-font-size wp-block-paragraph\">O Inep \u00e9 bastante claro ao estabelecer que as matrizes de refer\u00eancia s\u00e3o instrumentos orientadores da elabora\u00e7\u00e3o dos itens das avalia\u00e7\u00f5es e s\u00e3o estruturadas a partir de compet\u00eancias e habilidades que se espera que os educandos tenham desenvolvido na etapa avaliada. Ao mesmo tempo, o pr\u00f3prio Instituto ressalta que essas matrizes s\u00e3o recortes e n\u00e3o abrangem a totalidade do curr\u00edculo escolar. Elas tamb\u00e9m n\u00e3o constituem metodologias ou procedimentos de ensino. Essa distin\u00e7\u00e3o \u00e9 fundamental para a gest\u00e3o curricular.<\/p>\n\n\n\n<p class=\"has-medium-font-size wp-block-paragraph\">A escola n\u00e3o deve ensinar apenas aquilo que aparece na matriz do Saeb. Deve desenvolver o curr\u00edculo em sua amplitude, garantindo as aprendizagens previstas para a etapa escolar. O Saeb, por sua vez, oferece uma determinada lente sobre algumas dessas aprendizagens e produz evid\u00eancias que podem contribuir para a an\u00e1lise da qualidade educacional.<\/p>\n\n\n\n<p class=\"has-medium-font-size wp-block-paragraph\">Nas avalia\u00e7\u00f5es de L\u00edngua Portuguesa, historicamente, o foco est\u00e1 fortemente relacionado \u00e0 leitura; em Matem\u00e1tica, \u00e0 resolu\u00e7\u00e3o de problemas. As matrizes orientam a constru\u00e7\u00e3o dos itens e a interpreta\u00e7\u00e3o da profici\u00eancia dos educandos. Assim, quando perguntamos o que \u00e9 \u201ccobrado\u201d no Saeb, a resposta mais rigorosa n\u00e3o \u00e9 simplesmente \u201cconte\u00fados\u201d. S\u00e3o <strong>habilidades selecionadas a partir de uma matriz de refer\u00eancia<\/strong>, mobilizadas em situa\u00e7\u00f5es avaliativas espec\u00edficas.<\/p>\n\n\n\n<p class=\"has-medium-font-size wp-block-paragraph\">Isso tem uma consequ\u00eancia pedag\u00f3gica importante: preparar uma escola para obter bons resultados no Saeb n\u00e3o deveria significar treinar educandos para responder determinado formato de quest\u00e3o. Deveria significar garantir que o trabalho curricular e pedag\u00f3gico desenvolva, de maneira consistente, as aprendizagens que sustentam essas habilidades.<\/p>\n\n\n\n<p class=\"has-medium-font-size wp-block-paragraph\"><strong>N\u00e3o se trata de ensinar para a prova. Trata-se de ensinar para a aprendizagem e compreender o que a avalia\u00e7\u00e3o revela sobre ela.<\/strong><\/p>\n\n\n\n<h2 class=\"wp-block-heading\"><strong><mark style=\"background-color:rgba(0, 0, 0, 0);color:#1d3557\" class=\"has-inline-color\">O avesso do Ideb: quando o indicador passa a ocupar o lugar da realidade<\/mark><\/strong><\/h2>\n\n\n\n<p class=\"has-medium-font-size wp-block-paragraph\">\u00c9 justamente aqui que a cr\u00edtica ao uso do Ideb exclusivamente para ranqueamento ganha for\u00e7a.<\/p>\n\n\n\n<p class=\"has-medium-font-size wp-block-paragraph\">Em artigo publicado em agosto de 2026, Nat\u00e1lia Gil e Lu\u00edsa Grando chamam aten\u00e7\u00e3o para o que denominam de \u201cfetiche pelo Ideb\u201d: a transforma\u00e7\u00e3o de um indicador relevante em uma esp\u00e9cie de medida \u00fanica da qualidade da educa\u00e7\u00e3o. As autoras reconhecem a utilidade do \u00edndice para suscitar reflex\u00e3o e orientar decis\u00f5es, mas alertam que ele n\u00e3o constitui um retrato completo daquilo que precisamos compreender quando discutimos qualidade educacional.<\/p>\n\n\n\n<p class=\"has-medium-font-size wp-block-paragraph\">Essa cr\u00edtica \u00e9 particularmente importante para quem ocupa posi\u00e7\u00f5es de lideran\u00e7a educacional. Quando um indicador passa a funcionar predominantemente como instrumento de compara\u00e7\u00e3o, premia\u00e7\u00e3o ou responsabiliza\u00e7\u00e3o, existe o risco de deslocarmos a aten\u00e7\u00e3o da pergunta pedag\u00f3gica para a disputa pelo n\u00famero. A escola passa a ser conhecida pela nota; a rede, pelo ranking; a gest\u00e3o, pela posi\u00e7\u00e3o alcan\u00e7ada. Entretanto, a posi\u00e7\u00e3o de uma escola em uma tabela n\u00e3o nos diz, sozinha, quais crian\u00e7as aprenderam, quais aprendizagens ainda n\u00e3o foram consolidadas, quais desigualdades persistem ou quais condi\u00e7\u00f5es pedag\u00f3gicas precisam ser modificadas.<\/p>\n\n\n\n<p class=\"has-medium-font-size wp-block-paragraph\">O pr\u00f3prio desenho do Ideb ajuda a compreender por que sua leitura precisa ser contextualizada. O \u00edndice combina aprova\u00e7\u00e3o escolar e desempenho no Saeb, articulando fluxo e aprendizagem. Essa combina\u00e7\u00e3o \u00e9 importante justamente porque impede que uma dimens\u00e3o seja analisada completamente separada da outra. Mas aquilo que \u00e9 incorporado ao c\u00e1lculo tamb\u00e9m delimita aquilo que o \u00edndice consegue expressar. Dimens\u00f5es importantes da qualidade educacional \u2014 como aspectos das condi\u00e7\u00f5es de trabalho, infraestrutura, clima escolar, rela\u00e7\u00f5es, experi\u00eancias dos educandos, pr\u00e1ticas pedag\u00f3gicas e outras caracter\u00edsticas do cotidiano escolar \u2014 exigem outras fontes de informa\u00e7\u00e3o e outras formas de an\u00e1lise.<\/p>\n\n\n\n<p class=\"has-medium-font-size wp-block-paragraph\">Como argumentam Gil e Grando, definir um foco estat\u00edstico significa tamb\u00e9m deixar outros aspectos fora daquele recorte. Por isso, a defesa de uma avalia\u00e7\u00e3o multidimensional n\u00e3o representa a rejei\u00e7\u00e3o dos indicadores; representa justamente a necessidade de <strong>n\u00e3o transformar um indicador em explica\u00e7\u00e3o totalizante da realidade<\/strong>.<\/p>\n\n\n\n<h2 class=\"wp-block-heading\"><strong><mark style=\"background-color:rgba(0, 0, 0, 0);color:#1d3557\" class=\"has-inline-color\">O Ideb \u00e9 uma fotografia. A gest\u00e3o da aprendizagem precisa acompanhar o filme<\/mark><\/strong><\/h2>\n\n\n\n<p class=\"has-medium-font-size wp-block-paragraph\">Talvez uma das melhores maneiras de compreender o papel do Ideb seja pens\u00e1-lo como uma <strong>fotografia<\/strong>. Uma fotografia \u00e9 importante. Ela registra um momento, permite observar determinadas caracter\u00edsticas e possibilita compara\u00e7\u00f5es com outros momentos. Mas uma fotografia n\u00e3o conta toda a hist\u00f3ria.<\/p>\n\n\n\n<p class=\"has-medium-font-size wp-block-paragraph\">O mesmo acontece com um indicador produzido a partir de uma avalia\u00e7\u00e3o realizada em determinado per\u00edodo. Ele oferece evid\u00eancias importantes, mas n\u00e3o substitui o acompanhamento cotidiano da aprendizagem. Se a fotografia mostra uma determinada situa\u00e7\u00e3o, a gest\u00e3o precisa investigar o percurso que levou at\u00e9 ela.<\/p>\n\n\n\n<p class=\"has-medium-font-size wp-block-paragraph\"><strong>O que aconteceu antes? Quais aprendizagens foram consolidadas? Quais n\u00e3o foram? Quais educandos ficaram para tr\u00e1s? Quais habilidades apresentam maiores fragilidades? Que pr\u00e1ticas pedag\u00f3gicas estavam em curso? Houve mudan\u00e7as no perfil da turma ou da escola? Quais a\u00e7\u00f5es foram implementadas? O que produziu avan\u00e7o? O que precisa ser revisto?<\/strong><\/p>\n\n\n\n<p class=\"has-medium-font-size wp-block-paragraph\">Essas s\u00e3o perguntas de gest\u00e3o da aprendizagem.<\/p>\n\n\n\n<p class=\"has-medium-font-size wp-block-paragraph\">Por isso, o resultado do Ideb precisa dialogar com os dados produzidos no interior da escola: avalia\u00e7\u00f5es diagn\u00f3sticas, avalia\u00e7\u00f5es formativas, registros dos professores, produ\u00e7\u00f5es dos educandos, hip\u00f3teses de escrita, resultados por habilidades, indicadores de frequ\u00eancia e fluxo, observa\u00e7\u00f5es pedag\u00f3gicas e tantos outros elementos que permitem compreender a trajet\u00f3ria dos educandos. O dado externo ganha pot\u00eancia quando encontra o dado interno.<\/p>\n\n\n\n<p class=\"has-medium-font-size wp-block-paragraph\">Um resultado de uma avalia\u00e7\u00e3o em larga escala pode indicar que determinada aprendizagem merece aten\u00e7\u00e3o. Mas s\u00e3o os dados produzidos no cotidiano da escola que ajudam a responder <strong>quem precisa de qu\u00ea, em que medida e com qual interven\u00e7\u00e3o pedag\u00f3gica<\/strong>. \u00c9 esse movimento que transforma informa\u00e7\u00e3o em conhecimento para a gest\u00e3o:<\/p>\n\n\n\n<p class=\"has-medium-font-size wp-block-paragraph\"><strong>dado<\/strong> <strong>\u2192<\/strong> <strong>an<\/strong><strong>\u00e1<\/strong><strong>lise<\/strong> <strong>\u2192<\/strong> <strong>interpreta<\/strong><strong>\u00e7\u00e3<\/strong><strong>o<\/strong> <strong>\u2192<\/strong> <strong>decis<\/strong><strong>\u00e3<\/strong><strong>o<\/strong> <strong>\u2192<\/strong> <strong>interven<\/strong><strong>\u00e7\u00e3<\/strong><strong>o<\/strong> <strong>\u2192<\/strong> <strong>acompanhamento.<\/strong><\/p>\n\n\n\n<h2 class=\"wp-block-heading\"><strong><mark style=\"background-color:rgba(0, 0, 0, 0);color:#1d3557\" class=\"has-inline-color\">Para al\u00e9m do ranking: o que estamos fazendo com aquilo que os dados revelam?<\/mark><\/strong><\/h2>\n\n\n\n<p class=\"has-medium-font-size wp-block-paragraph\">A quest\u00e3o central, portanto, n\u00e3o \u00e9 escolher entre valorizar ou desvalorizar o Ideb. A quest\u00e3o \u00e9 <strong>qual lugar atribu\u00edmos a ele dentro de uma pol\u00edtica de avalia\u00e7\u00e3o e de gest\u00e3o da aprendizagem<\/strong>.<\/p>\n\n\n\n<p class=\"has-medium-font-size wp-block-paragraph\">Precisamos dos indicadores. Precisamos das avalia\u00e7\u00f5es externas. Precisamos conhecer os resultados de nossas redes e compar\u00e1-los historicamente. Precisamos identificar desigualdades e acompanhar avan\u00e7os. Precisamos estabelecer metas e avaliar pol\u00edticas p\u00fablicas. Mas precisamos, sobretudo, desenvolver a capacidade institucional de <strong>ler os dados em profundidade<\/strong>.<\/p>\n\n\n\n<p class=\"has-medium-font-size wp-block-paragraph\">Uma rede que sabe ler seus dados n\u00e3o pergunta apenas se a m\u00e9dia aumentou. Pergunta onde aumentou, para quem aumentou, quais habilidades avan\u00e7aram, quais permaneceram fr\u00e1geis, quais grupos continuam apresentando menores oportunidades de aprendizagem e quais decis\u00f5es precisam ser tomadas a partir dessas evid\u00eancias. Uma escola que possui uma cultura de avalia\u00e7\u00e3o n\u00e3o utiliza o resultado para procurar culpados. Utiliza-o para localizar necessidades.<\/p>\n\n\n\n<p class=\"has-medium-font-size wp-block-paragraph\">E uma gest\u00e3o pedag\u00f3gica comprometida com a equidade n\u00e3o pergunta apenas <strong>\u201ccomo melhorar nosso Ideb?\u201d<\/strong>.<\/p>\n\n\n\n<p class=\"has-medium-font-size wp-block-paragraph\">Pergunta: <strong>\u201cComo garantir que mais educandos aprendam, que aprendam melhor e que nenhum grupo seja invisibilizado pelos resultados m\u00e9dios?\u201d<\/strong> Essa \u00e9 uma mudan\u00e7a de perspectiva que ultrapassa a l\u00f3gica do ranking.<\/p>\n\n\n\n<h2 class=\"wp-block-heading\"><strong><mark style=\"background-color:rgba(0, 0, 0, 0);color:#1d3557\" class=\"has-inline-color\">O resultado que realmente importa<\/mark><\/strong><\/h2>\n\n\n\n<p class=\"has-medium-font-size wp-block-paragraph\">Bons indicadores importam. O avan\u00e7o do Ideb importa. A melhoria do desempenho dos educandos importa. A redu\u00e7\u00e3o das desigualdades importa. A perman\u00eancia dos educandos na escola importa. Mas nenhum desses resultados pode substituir o prop\u00f3sito maior da educa\u00e7\u00e3o.<\/p>\n\n\n\n<p class=\"has-medium-font-size wp-block-paragraph\">No centro das pol\u00edticas p\u00fablicas, das decis\u00f5es curriculares, das avalia\u00e7\u00f5es e da gest\u00e3o escolar deve permanecer uma quest\u00e3o que \u00e9 simultaneamente pedag\u00f3gica, \u00e9tica e pol\u00edtica: <strong>estamos garantindo o direito \u00e0 Educa\u00e7\u00e3o de Qualidade para TODOS os educandos?<\/strong><\/p>\n\n\n\n<p class=\"has-medium-font-size wp-block-paragraph\">Essa pergunta exige olhar para os n\u00fameros sem se tornar prisioneiro deles. Exige reconhecer o que os indicadores revelam, mas tamb\u00e9m investigar aquilo que eles n\u00e3o conseguem mostrar. Exige articular avalia\u00e7\u00f5es externas e internas, dados quantitativos e qualitativos, resultados e contextos, evid\u00eancias e decis\u00f5es pedag\u00f3gicas.<\/p>\n\n\n\n<p class=\"has-medium-font-size wp-block-paragraph\">Porque o objetivo de uma pol\u00edtica de avalia\u00e7\u00e3o n\u00e3o deveria ser produzir escolas vencedoras e escolas perdedoras. Deveria ser produzir <strong>mais conhecimento sobre a realidade educacional para que possamos tomar melhores decis\u00f5es sobre ela<\/strong>. E, quando falamos de alfabetiza\u00e7\u00e3o, essa responsabilidade se torna ainda maior.<\/p>\n\n\n\n<p class=\"has-medium-font-size wp-block-paragraph\">Cada crian\u00e7a que n\u00e3o consolida a leitura e a escrita precisa ser identificada a tempo. Cada habilidade que n\u00e3o se desenvolve precisa gerar uma pergunta pedag\u00f3gica. Cada dado que aponta uma desigualdade precisa provocar uma decis\u00e3o. Cada avalia\u00e7\u00e3o precisa contribuir para que a escola compreenda melhor seus educandos e organize respostas mais adequadas \u00e0s suas necessidades.<\/p>\n\n\n\n<p class=\"has-medium-font-size wp-block-paragraph\">O Ideb pode mostrar uma fotografia. <strong>A gest\u00e3o da aprendizagem precisa acompanhar o filme.<\/strong><\/p>\n\n\n\n<p class=\"has-medium-font-size wp-block-paragraph\">Porque o verdadeiro indicador de qualidade n\u00e3o est\u00e1 apenas na posi\u00e7\u00e3o que uma escola ocupa em um ranking, mas na capacidade de garantir que cada educando avance em sua trajet\u00f3ria de aprendizagem. E \u00e9 nesse ponto que os n\u00fameros deixam de ser apenas n\u00fameros. Eles passam a ser evid\u00eancias para sustentar decis\u00f5es.<\/p>\n\n\n\n<p class=\"has-medium-font-size wp-block-paragraph\">E as decis\u00f5es passam a ter um prop\u00f3sito maior: <strong>garantir o direito de aprender.<\/strong><\/p>\n\n\n\n<h2 class=\"wp-block-heading\"><strong><mark style=\"background-color:rgba(0, 0, 0, 0);color:#1d3557\" class=\"has-inline-color\">Para gestores que querem transformar dados em decis\u00f5es pedag\u00f3gicas<\/mark><\/strong><\/h2>\n\n\n\n<p class=\"has-medium-font-size wp-block-paragraph\">Diretor(a), Coordenador(a) Pedag\u00f3gico(a), Dirigente ou Secret\u00e1rio(a) de Educa\u00e7\u00e3o, sua rede ou sua escola j\u00e1 consegue transformar os resultados das avalia\u00e7\u00f5es em decis\u00f5es concretas sobre o ensino e a aprendizagem?<\/p>\n\n\n\n<p class=\"has-medium-font-size wp-block-paragraph\">Interpretar resultados do Saeb e do Ideb, analisar habilidades, acompanhar a consolida\u00e7\u00e3o das aprendizagens e transformar evid\u00eancias em um plano de a\u00e7\u00e3o exige mais do que acesso aos dados. Exige <strong>intencionalidade pedag\u00f3gica, repert\u00f3rio t\u00e9cnico e uma cultura institucional de acompanhamento<\/strong>. \u00c9 justamente nesse espa\u00e7o que atua a <strong><a href=\"https:\/\/eduqfacil.com.br\/\" data-type=\"link\" data-id=\"https:\/\/eduqfacil.com.br\/\" target=\"_blank\" rel=\"noopener\">Eduqf\u00e1cil<\/a><\/strong>: apoiando gestores e equipes educacionais na constru\u00e7\u00e3o de uma gest\u00e3o da aprendizagem orientada por evid\u00eancias, com foco na alfabetiza\u00e7\u00e3o, na avalia\u00e7\u00e3o, no planejamento e na tomada de decis\u00f5es pedag\u00f3gicas.<\/p>\n\n\n\n<p class=\"has-medium-font-size wp-block-paragraph\">Se sua escola ou sua rede precisa avan\u00e7ar <strong>do dado \u00e0 decis\u00e3o e da decis\u00e3o \u00e0 interven\u00e7\u00e3o<\/strong>, entre em contato para conhecer as possibilidades de <strong>consultoria, mentoria e forma\u00e7\u00e3o da Eduqf\u00e1cil<\/strong>. Porque melhorar indicadores \u00e9 importante. Mas transformar os dados em melhores oportunidades de aprendizagem para cada educando \u00e9 o que d\u00e1 sentido a eles.<\/p>\n","protected":false},"excerpt":{"rendered":"<p>Se voc\u00ea atua na gest\u00e3o de uma escola, de uma rede de ensino ou de uma Secretaria de Educa\u00e7\u00e3o, provavelmente j\u00e1 experimentou o movimento que acompanha a divulga\u00e7\u00e3o dos resultados do \u00cdndice de Desenvolvimento da Educa\u00e7\u00e3o B\u00e1sica (Ideb): n\u00fameros que ganham destaque, compara\u00e7\u00f5es entre munic\u00edpios e escolas, comemora\u00e7\u00f5es diante de avan\u00e7os, cobran\u00e7as diante de quedas [&hellip;]<\/p>\n","protected":false},"author":1,"featured_media":106,"comment_status":"open","ping_status":"open","sticky":false,"template":"","format":"standard","meta":{"pagelayer_contact_templates":[],"_pagelayer_content":"","footnotes":""},"categories":[1],"tags":[],"class_list":["post-97","post","type-post","status-publish","format-standard","has-post-thumbnail","hentry","category-uncategorized"],"_links":{"self":[{"href":"https:\/\/eduqfacil.com.br\/blog\/wp-json\/wp\/v2\/posts\/97","targetHints":{"allow":["GET"]}}],"collection":[{"href":"https:\/\/eduqfacil.com.br\/blog\/wp-json\/wp\/v2\/posts"}],"about":[{"href":"https:\/\/eduqfacil.com.br\/blog\/wp-json\/wp\/v2\/types\/post"}],"author":[{"embeddable":true,"href":"https:\/\/eduqfacil.com.br\/blog\/wp-json\/wp\/v2\/users\/1"}],"replies":[{"embeddable":true,"href":"https:\/\/eduqfacil.com.br\/blog\/wp-json\/wp\/v2\/comments?post=97"}],"version-history":[{"count":4,"href":"https:\/\/eduqfacil.com.br\/blog\/wp-json\/wp\/v2\/posts\/97\/revisions"}],"predecessor-version":[{"id":108,"href":"https:\/\/eduqfacil.com.br\/blog\/wp-json\/wp\/v2\/posts\/97\/revisions\/108"}],"wp:featuredmedia":[{"embeddable":true,"href":"https:\/\/eduqfacil.com.br\/blog\/wp-json\/wp\/v2\/media\/106"}],"wp:attachment":[{"href":"https:\/\/eduqfacil.com.br\/blog\/wp-json\/wp\/v2\/media?parent=97"}],"wp:term":[{"taxonomy":"category","embeddable":true,"href":"https:\/\/eduqfacil.com.br\/blog\/wp-json\/wp\/v2\/categories?post=97"},{"taxonomy":"post_tag","embeddable":true,"href":"https:\/\/eduqfacil.com.br\/blog\/wp-json\/wp\/v2\/tags?post=97"}],"curies":[{"name":"wp","href":"https:\/\/api.w.org\/{rel}","templated":true}]}}